{"id":3940,"date":"2025-08-01T12:57:39","date_gmt":"2025-08-01T10:57:39","guid":{"rendered":"https:\/\/jugenddiabetes.de\/apolda\/?p=3940"},"modified":"2025-08-01T12:59:52","modified_gmt":"2025-08-01T10:59:52","slug":"zwischen-regenguessen-und-spielplatzspass-ein-feriennachmittag-an-der-ilm","status":"publish","type":"post","link":"https:\/\/jugenddiabetes.de\/apolda\/zwischen-regenguessen-und-spielplatzspass-ein-feriennachmittag-an-der-ilm\/","title":{"rendered":"Zwischen Regeng\u00fcssen und Spielplatzspa\u00df \u2013 Ein Feriennachmittag an der Ilm"},"content":{"rendered":"<p>Ein echter Ferientag \u2013 nur leider mit reichlich Regen. Schon am Vormittag war klar: So richtig trocken w\u00fcrde es heute nicht bleiben. Immer wieder zogen kr\u00e4ftige Schauer \u00fcber uns hinweg. Trotzdem hatten wir uns schon vorbereitet und waren voller Tatendrang \u2013 doch p\u00fcnktlich zur Abfahrt kam der n\u00e4chste Guss. Also hie\u00df es: abwarten.<\/p>\n<p>Zum Gl\u00fcck klarte es kurze Zeit sp\u00e4ter auf, und wir nutzten die Regenpause, um spontan zum Spielplatz an der Ilm zu fahren. Dort angekommen, wurde jedes Spielger\u00e4t ausprobiert \u2013 es wurde geschaukelt, geklettert und gerutscht, was das Zeug hielt. An der Ilm selbst stand das beliebte Steine-Fitscheln ganz oben auf der Liste. Einige wagten sich auf die umgest\u00fcrzten B\u00e4ume am Ufer und versuchten sich im Balancieren und Klettern.<\/p>\n<p>Eigentlich hatten wir noch viel vor: F\u00fc\u00dfe ins Wasser tauchen, vielleicht sogar einen kleinen Staudamm bauen \u2013 aber bevor wir richtig loslegen konnten, zog das n\u00e4chste Gewitter auf, und wir mussten uns auf den R\u00fcckweg machen.<\/p>\n<p>Trotz der kurzen Zeit war es ein sch\u00f6ner Ausflug mit viel Bewegung, Spa\u00df und frischer Luft.<br \/>\nUnd wir sind uns sicher: Der n\u00e4chste Sonnentag kommt bestimmt \u2013 und damit auch der n\u00e4chste Ausflug an die Ilm!<\/p>\n<p><em><strong>Eure WG IV<\/strong><\/em><\/p>\n<p><img loading=\"lazy\" decoding=\"async\" class=\"aligncenter wp-image-3945 size-large\" src=\"https:\/\/jugenddiabetes.de\/apolda\/wp-content\/uploads\/2025\/08\/20250722_153554-1024x1024.jpg\" alt=\"\" width=\"1024\" height=\"1024\" srcset=\"https:\/\/jugenddiabetes.de\/apolda\/wp-content\/uploads\/2025\/08\/20250722_153554-980x980.jpg 980w, https:\/\/jugenddiabetes.de\/apolda\/wp-content\/uploads\/2025\/08\/20250722_153554-480x480.jpg 480w\" sizes=\"auto, (min-width: 0px) and (max-width: 480px) 480px, (min-width: 481px) and (max-width: 980px) 980px, (min-width: 981px) 1024px, 100vw\" \/><\/p>\n","protected":false},"excerpt":{"rendered":"<p>Ein echter Ferientag \u2013 nur leider mit reichlich Regen. Schon am Vormittag war klar: So richtig trocken w\u00fcrde es heute nicht bleiben. Immer wieder zogen kr\u00e4ftige Schauer \u00fcber uns hinweg. Trotzdem hatten wir uns schon vorbereitet und waren voller Tatendrang \u2013 doch p\u00fcnktlich zur Abfahrt kam der n\u00e4chste Guss. Also hie\u00df es: abwarten. Zum Gl\u00fcck [&hellip;]<\/p>\n","protected":false},"author":5,"featured_media":3943,"comment_status":"closed","ping_status":"closed","sticky":false,"template":"","format":"standard","meta":{"_et_pb_use_builder":"","_et_pb_old_content":"","_et_gb_content_width":"","footnotes":""},"categories":[1],"tags":[],"class_list":["post-3940","post","type-post","status-publish","format-standard","has-post-thumbnail","hentry","category-allgemein"],"_links":{"self":[{"href":"https:\/\/jugenddiabetes.de\/apolda\/wp-json\/wp\/v2\/posts\/3940","targetHints":{"allow":["GET"]}}],"collection":[{"href":"https:\/\/jugenddiabetes.de\/apolda\/wp-json\/wp\/v2\/posts"}],"about":[{"href":"https:\/\/jugenddiabetes.de\/apolda\/wp-json\/wp\/v2\/types\/post"}],"author":[{"embeddable":true,"href":"https:\/\/jugenddiabetes.de\/apolda\/wp-json\/wp\/v2\/users\/5"}],"replies":[{"embeddable":true,"href":"https:\/\/jugenddiabetes.de\/apolda\/wp-json\/wp\/v2\/comments?post=3940"}],"version-history":[{"count":4,"href":"https:\/\/jugenddiabetes.de\/apolda\/wp-json\/wp\/v2\/posts\/3940\/revisions"}],"predecessor-version":[{"id":3946,"href":"https:\/\/jugenddiabetes.de\/apolda\/wp-json\/wp\/v2\/posts\/3940\/revisions\/3946"}],"wp:featuredmedia":[{"embeddable":true,"href":"https:\/\/jugenddiabetes.de\/apolda\/wp-json\/wp\/v2\/media\/3943"}],"wp:attachment":[{"href":"https:\/\/jugenddiabetes.de\/apolda\/wp-json\/wp\/v2\/media?parent=3940"}],"wp:term":[{"taxonomy":"category","embeddable":true,"href":"https:\/\/jugenddiabetes.de\/apolda\/wp-json\/wp\/v2\/categories?post=3940"},{"taxonomy":"post_tag","embeddable":true,"href":"https:\/\/jugenddiabetes.de\/apolda\/wp-json\/wp\/v2\/tags?post=3940"}],"curies":[{"name":"wp","href":"https:\/\/api.w.org\/{rel}","templated":true}]}}