{"id":3749,"date":"2025-05-05T10:00:20","date_gmt":"2025-05-05T08:00:20","guid":{"rendered":"https:\/\/jugenddiabetes.de\/apolda\/?p=3749"},"modified":"2025-05-05T10:02:07","modified_gmt":"2025-05-05T08:02:07","slug":"frische-luft-und-volle-power","status":"publish","type":"post","link":"https:\/\/jugenddiabetes.de\/apolda\/frische-luft-und-volle-power\/","title":{"rendered":"Frische Luft und volle Power!"},"content":{"rendered":"<p class=\"Textbody\">An einem wundersch\u00f6nen Sommertag hie\u00df es bei uns: Nichts wie raus ins Freie! Das tolle Wetter musste einfach genutzt werden \u2013 und was eignet sich besser daf\u00fcr als unser geliebter Paulinenpark?<\/p>\n<p class=\"Textbody\">Bevor es losging, wurde sich ordentlich vorbereitet: Sch\u00fctzer angelegt, Helm geschnallt, alles gecheckt \u2013 und dann konnte das Rollen, Fahren und Flitzen auch schon beginnen!<\/p>\n<p class=\"Textbody\">Mit Inlinern, Roller oder einfach zu Fu\u00df wurde der Park erobert. Wir hatten sichtlich Spa\u00df, konnten uns austoben, bewegen und die frische Sommerluft genie\u00dfen.<\/p>\n<p class=\"Textbody\">Es war ein Nachmittag voller Bewegung, guter Laune und ganz viel Lachen \u2013 so macht Sommer richtig Spa\u00df!<\/p>\n<p class=\"Textbody\"><strong><em>Eure WG IV<\/em><\/strong><\/p>\n","protected":false},"excerpt":{"rendered":"<p>An einem wundersch\u00f6nen Sommertag hie\u00df es bei uns: Nichts wie raus ins Freie! Das tolle Wetter musste einfach genutzt werden \u2013 und was eignet sich besser daf\u00fcr als unser geliebter Paulinenpark? Bevor es losging, wurde sich ordentlich vorbereitet: Sch\u00fctzer angelegt, Helm geschnallt, alles gecheckt \u2013 und dann konnte das Rollen, Fahren und Flitzen auch schon [&hellip;]<\/p>\n","protected":false},"author":5,"featured_media":3751,"comment_status":"closed","ping_status":"closed","sticky":false,"template":"","format":"standard","meta":{"_et_pb_use_builder":"","_et_pb_old_content":"","_et_gb_content_width":"","footnotes":""},"categories":[1],"tags":[],"class_list":["post-3749","post","type-post","status-publish","format-standard","has-post-thumbnail","hentry","category-allgemein"],"_links":{"self":[{"href":"https:\/\/jugenddiabetes.de\/apolda\/wp-json\/wp\/v2\/posts\/3749","targetHints":{"allow":["GET"]}}],"collection":[{"href":"https:\/\/jugenddiabetes.de\/apolda\/wp-json\/wp\/v2\/posts"}],"about":[{"href":"https:\/\/jugenddiabetes.de\/apolda\/wp-json\/wp\/v2\/types\/post"}],"author":[{"embeddable":true,"href":"https:\/\/jugenddiabetes.de\/apolda\/wp-json\/wp\/v2\/users\/5"}],"replies":[{"embeddable":true,"href":"https:\/\/jugenddiabetes.de\/apolda\/wp-json\/wp\/v2\/comments?post=3749"}],"version-history":[{"count":1,"href":"https:\/\/jugenddiabetes.de\/apolda\/wp-json\/wp\/v2\/posts\/3749\/revisions"}],"predecessor-version":[{"id":3750,"href":"https:\/\/jugenddiabetes.de\/apolda\/wp-json\/wp\/v2\/posts\/3749\/revisions\/3750"}],"wp:featuredmedia":[{"embeddable":true,"href":"https:\/\/jugenddiabetes.de\/apolda\/wp-json\/wp\/v2\/media\/3751"}],"wp:attachment":[{"href":"https:\/\/jugenddiabetes.de\/apolda\/wp-json\/wp\/v2\/media?parent=3749"}],"wp:term":[{"taxonomy":"category","embeddable":true,"href":"https:\/\/jugenddiabetes.de\/apolda\/wp-json\/wp\/v2\/categories?post=3749"},{"taxonomy":"post_tag","embeddable":true,"href":"https:\/\/jugenddiabetes.de\/apolda\/wp-json\/wp\/v2\/tags?post=3749"}],"curies":[{"name":"wp","href":"https:\/\/api.w.org\/{rel}","templated":true}]}}