{"id":3699,"date":"2025-04-23T15:09:10","date_gmt":"2025-04-23T13:09:10","guid":{"rendered":"https:\/\/jugenddiabetes.de\/apolda\/?p=3699"},"modified":"2025-04-23T15:11:55","modified_gmt":"2025-04-23T13:11:55","slug":"vielen-dank-an-den-globus-isserstedt","status":"publish","type":"post","link":"https:\/\/jugenddiabetes.de\/apolda\/vielen-dank-an-den-globus-isserstedt\/","title":{"rendered":"Vielen Dank an den Globus Isserstedt"},"content":{"rendered":"<p>Ein gro\u00dfes Dankesch\u00f6n an den Globus Isserstedt \u2013 unsere W\u00fcnsche wurden erf\u00fcllt.<\/p>\n<p><img loading=\"lazy\" decoding=\"async\" class=\"alignleft wp-image-3703 size-medium\" src=\"https:\/\/jugenddiabetes.de\/apolda\/wp-content\/uploads\/2025\/04\/IMG-20250423-WA0017-225x300.jpg\" alt=\"\" width=\"225\" height=\"300\" \/> <img loading=\"lazy\" decoding=\"async\" class=\"alignleft wp-image-3704 size-medium\" src=\"https:\/\/jugenddiabetes.de\/apolda\/wp-content\/uploads\/2025\/04\/IMG-20250423-WA0016-300x225.jpg\" alt=\"\" width=\"300\" height=\"225\" \/><\/p>\n<p>&nbsp;<\/p>\n<p>&nbsp;<\/p>\n<p>&nbsp;<\/p>\n<p>&nbsp;<\/p>\n<p>&nbsp;<\/p>\n<p>Der Osterhase hat auch f\u00fcr uns etwas mitgebracht.<\/p>\n","protected":false},"excerpt":{"rendered":"<p>Ein gro\u00dfes Dankesch\u00f6n an den Globus Isserstedt \u2013 unsere W\u00fcnsche wurden erf\u00fcllt. &nbsp; &nbsp; &nbsp; &nbsp; &nbsp; Der Osterhase hat auch f\u00fcr uns etwas mitgebracht.<\/p>\n","protected":false},"author":5,"featured_media":3701,"comment_status":"closed","ping_status":"closed","sticky":false,"template":"","format":"standard","meta":{"_et_pb_use_builder":"","_et_pb_old_content":"","_et_gb_content_width":"","footnotes":""},"categories":[1],"tags":[],"class_list":["post-3699","post","type-post","status-publish","format-standard","has-post-thumbnail","hentry","category-allgemein"],"_links":{"self":[{"href":"https:\/\/jugenddiabetes.de\/apolda\/wp-json\/wp\/v2\/posts\/3699","targetHints":{"allow":["GET"]}}],"collection":[{"href":"https:\/\/jugenddiabetes.de\/apolda\/wp-json\/wp\/v2\/posts"}],"about":[{"href":"https:\/\/jugenddiabetes.de\/apolda\/wp-json\/wp\/v2\/types\/post"}],"author":[{"embeddable":true,"href":"https:\/\/jugenddiabetes.de\/apolda\/wp-json\/wp\/v2\/users\/5"}],"replies":[{"embeddable":true,"href":"https:\/\/jugenddiabetes.de\/apolda\/wp-json\/wp\/v2\/comments?post=3699"}],"version-history":[{"count":6,"href":"https:\/\/jugenddiabetes.de\/apolda\/wp-json\/wp\/v2\/posts\/3699\/revisions"}],"predecessor-version":[{"id":3708,"href":"https:\/\/jugenddiabetes.de\/apolda\/wp-json\/wp\/v2\/posts\/3699\/revisions\/3708"}],"wp:featuredmedia":[{"embeddable":true,"href":"https:\/\/jugenddiabetes.de\/apolda\/wp-json\/wp\/v2\/media\/3701"}],"wp:attachment":[{"href":"https:\/\/jugenddiabetes.de\/apolda\/wp-json\/wp\/v2\/media?parent=3699"}],"wp:term":[{"taxonomy":"category","embeddable":true,"href":"https:\/\/jugenddiabetes.de\/apolda\/wp-json\/wp\/v2\/categories?post=3699"},{"taxonomy":"post_tag","embeddable":true,"href":"https:\/\/jugenddiabetes.de\/apolda\/wp-json\/wp\/v2\/tags?post=3699"}],"curies":[{"name":"wp","href":"https:\/\/api.w.org\/{rel}","templated":true}]}}