{"id":3292,"date":"2025-01-03T08:47:02","date_gmt":"2025-01-03T07:47:02","guid":{"rendered":"https:\/\/jugenddiabetes.de\/apolda\/?p=3292"},"modified":"2025-01-03T08:51:07","modified_gmt":"2025-01-03T07:51:07","slug":"gruppenweihnacht-mal-anders","status":"publish","type":"post","link":"https:\/\/jugenddiabetes.de\/apolda\/gruppenweihnacht-mal-anders\/","title":{"rendered":"Gruppenweihnacht mal anders"},"content":{"rendered":"<p style=\"text-align: center;\">Sonst laufen die Weihnachtsfeiern bei uns immer sehr gem\u00fctlich ab, wir trinken alle zusammen Kaffee, machen Bescherung mit Liedern und Gedichten und abends gehen wir meistens in ein Restaurant zum Essen. Dort sitzen wir, reden und lachen und genie\u00dfen einfach den Abend. Dieses Jahr sollte es anders werden\u2026<\/p>\n<p style=\"text-align: center;\">Wir begannen gleich 15:00 Uhr mit der Bescherung, als alle ihre Geschenke ausgepackt hatten, zogen wir uns an und fuhren nach Erfurt. Dort ging es ins Caf\u00e9 del Sol wo wir ordentlich schlemmten.<\/p>\n<p style=\"text-align: center;\">Dann hie\u00df es auch schon \u00a0bezahlen und ab in den Bus. Denn unser Hauptziel lag noch vor uns. Bereits im November hatten wir Karten gekauft f\u00fcr den Weihnachtszirkus Flic Flac.<\/p>\n<p><img loading=\"lazy\" decoding=\"async\" class=\"aligncenter size-full wp-image-3293\" src=\"https:\/\/jugenddiabetes.de\/apolda\/wp-content\/uploads\/2025\/01\/Bild2.jpg\" alt=\"\" width=\"518\" height=\"121\" srcset=\"https:\/\/jugenddiabetes.de\/apolda\/wp-content\/uploads\/2025\/01\/Bild2.jpg 518w, https:\/\/jugenddiabetes.de\/apolda\/wp-content\/uploads\/2025\/01\/Bild2-480x112.jpg 480w\" sizes=\"auto, (min-width: 0px) and (max-width: 480px) 480px, (min-width: 481px) 518px, 100vw\" \/><\/p>\n<p style=\"text-align: center;\">Nach einigem Suchen nach dem Zelt, fanden wir es endlich und hinein ging es. Nachdem die Kids sich eine St\u00e4rkung f\u00fcr die Show holten, damit sie die 2 \u00bd Stunden \u00fcberstehen konnten, suchten wir unsere Sitzpl\u00e4tze.<\/p>\n<p><img loading=\"lazy\" decoding=\"async\" class=\"aligncenter size-full wp-image-3294\" src=\"https:\/\/jugenddiabetes.de\/apolda\/wp-content\/uploads\/2025\/01\/Bild3.jpg\" alt=\"\" width=\"1386\" height=\"780\" srcset=\"https:\/\/jugenddiabetes.de\/apolda\/wp-content\/uploads\/2025\/01\/Bild3.jpg 1386w, https:\/\/jugenddiabetes.de\/apolda\/wp-content\/uploads\/2025\/01\/Bild3-1280x720.jpg 1280w, https:\/\/jugenddiabetes.de\/apolda\/wp-content\/uploads\/2025\/01\/Bild3-980x552.jpg 980w, https:\/\/jugenddiabetes.de\/apolda\/wp-content\/uploads\/2025\/01\/Bild3-480x270.jpg 480w\" sizes=\"auto, (min-width: 0px) and (max-width: 480px) 480px, (min-width: 481px) and (max-width: 980px) 980px, (min-width: 981px) and (max-width: 1280px) 1280px, (min-width: 1281px) 1386px, 100vw\" \/><\/p>\n<p style=\"text-align: center;\">Und kurze Zeit sp\u00e4ter begann die gro\u00dfe Show. Artisten, Seilt\u00e4nzer, Zauberei, Motorr\u00e4der und vor allem keine Tiere, denn das finden wir nicht so toll, wenn Tiere im Zirkus sind. Unser Liebling war der Clown, der immer die Zeit mit seinen Sp\u00e4\u00dfen \u00fcberbr\u00fcckte, wenn wieder umgebaut wurde.<\/p>\n<p style=\"text-align: center;\">D\u00fcrfen wir vorstellen: Housch<\/p>\n<p><img loading=\"lazy\" decoding=\"async\" class=\"aligncenter size-full wp-image-3295\" src=\"https:\/\/jugenddiabetes.de\/apolda\/wp-content\/uploads\/2025\/01\/Bild4.jpg\" alt=\"\" width=\"687\" height=\"940\" srcset=\"https:\/\/jugenddiabetes.de\/apolda\/wp-content\/uploads\/2025\/01\/Bild4.jpg 687w, https:\/\/jugenddiabetes.de\/apolda\/wp-content\/uploads\/2025\/01\/Bild4-480x657.jpg 480w\" sizes=\"auto, (min-width: 0px) and (max-width: 480px) 480px, (min-width: 481px) 687px, 100vw\" \/><\/p>\n<p style=\"text-align: center;\">Alle waren begeistert von der Vorstellung. Nach dem gro\u00dfen Finale trafen wir die K\u00fcnstler.<\/p>\n<p><img loading=\"lazy\" decoding=\"async\" class=\"aligncenter size-full wp-image-3296\" src=\"https:\/\/jugenddiabetes.de\/apolda\/wp-content\/uploads\/2025\/01\/Bild5.jpg\" alt=\"\" width=\"1386\" height=\"780\" srcset=\"https:\/\/jugenddiabetes.de\/apolda\/wp-content\/uploads\/2025\/01\/Bild5.jpg 1386w, https:\/\/jugenddiabetes.de\/apolda\/wp-content\/uploads\/2025\/01\/Bild5-1280x720.jpg 1280w, https:\/\/jugenddiabetes.de\/apolda\/wp-content\/uploads\/2025\/01\/Bild5-980x552.jpg 980w, https:\/\/jugenddiabetes.de\/apolda\/wp-content\/uploads\/2025\/01\/Bild5-480x270.jpg 480w\" sizes=\"auto, (min-width: 0px) and (max-width: 480px) 480px, (min-width: 481px) and (max-width: 980px) 980px, (min-width: 981px) and (max-width: 1280px) 1280px, (min-width: 1281px) 1386px, 100vw\" \/><\/p>\n<p style=\"text-align: center;\">Nat\u00fcrlich haben wir es uns nehmen lassen, ein paar Worte mit ihnen zu wechseln und auch ein paar Fotos zu schie\u00dfen.<\/p>\n<p><img loading=\"lazy\" decoding=\"async\" class=\"aligncenter size-full wp-image-3297\" src=\"https:\/\/jugenddiabetes.de\/apolda\/wp-content\/uploads\/2025\/01\/Bild6.jpg\" alt=\"\" width=\"1386\" height=\"780\" srcset=\"https:\/\/jugenddiabetes.de\/apolda\/wp-content\/uploads\/2025\/01\/Bild6.jpg 1386w, https:\/\/jugenddiabetes.de\/apolda\/wp-content\/uploads\/2025\/01\/Bild6-1280x720.jpg 1280w, https:\/\/jugenddiabetes.de\/apolda\/wp-content\/uploads\/2025\/01\/Bild6-980x552.jpg 980w, https:\/\/jugenddiabetes.de\/apolda\/wp-content\/uploads\/2025\/01\/Bild6-480x270.jpg 480w\" sizes=\"auto, (min-width: 0px) and (max-width: 480px) 480px, (min-width: 481px) and (max-width: 980px) 980px, (min-width: 981px) and (max-width: 1280px) 1280px, (min-width: 1281px) 1386px, 100vw\" \/><\/p>\n<p>Ein wundersch\u00f6ner Tag ging zu Ende und allen hat es super gefallen. Dieser Tag hat allen richtig gut getan und das Herz erw\u00e4rmt. Nun kann Weihnachten kommen, denn endlich haben wir den Weihnachtszauber in diesem Jahr gesp\u00fcrt.<\/p>\n<p style=\"text-align: center;\"><strong>Frohe Weihnachten w\u00fcnschen die Jugendlichen und Erzieherinnen aus der Au\u00dfenwohngruppe<\/strong><\/p>\n","protected":false},"excerpt":{"rendered":"<p>Sonst laufen die Weihnachtsfeiern bei uns immer sehr gem\u00fctlich ab, wir trinken alle zusammen Kaffee, machen Bescherung mit Liedern und Gedichten und abends gehen wir meistens in ein Restaurant zum Essen. Dort sitzen wir, reden und lachen und genie\u00dfen einfach den Abend. Dieses Jahr sollte es anders werden\u2026 Wir begannen gleich 15:00 Uhr mit der [&hellip;]<\/p>\n","protected":false},"author":5,"featured_media":3298,"comment_status":"closed","ping_status":"closed","sticky":false,"template":"","format":"standard","meta":{"_et_pb_use_builder":"","_et_pb_old_content":"","_et_gb_content_width":"","footnotes":""},"categories":[1],"tags":[],"class_list":["post-3292","post","type-post","status-publish","format-standard","has-post-thumbnail","hentry","category-allgemein"],"_links":{"self":[{"href":"https:\/\/jugenddiabetes.de\/apolda\/wp-json\/wp\/v2\/posts\/3292","targetHints":{"allow":["GET"]}}],"collection":[{"href":"https:\/\/jugenddiabetes.de\/apolda\/wp-json\/wp\/v2\/posts"}],"about":[{"href":"https:\/\/jugenddiabetes.de\/apolda\/wp-json\/wp\/v2\/types\/post"}],"author":[{"embeddable":true,"href":"https:\/\/jugenddiabetes.de\/apolda\/wp-json\/wp\/v2\/users\/5"}],"replies":[{"embeddable":true,"href":"https:\/\/jugenddiabetes.de\/apolda\/wp-json\/wp\/v2\/comments?post=3292"}],"version-history":[{"count":4,"href":"https:\/\/jugenddiabetes.de\/apolda\/wp-json\/wp\/v2\/posts\/3292\/revisions"}],"predecessor-version":[{"id":3302,"href":"https:\/\/jugenddiabetes.de\/apolda\/wp-json\/wp\/v2\/posts\/3292\/revisions\/3302"}],"wp:featuredmedia":[{"embeddable":true,"href":"https:\/\/jugenddiabetes.de\/apolda\/wp-json\/wp\/v2\/media\/3298"}],"wp:attachment":[{"href":"https:\/\/jugenddiabetes.de\/apolda\/wp-json\/wp\/v2\/media?parent=3292"}],"wp:term":[{"taxonomy":"category","embeddable":true,"href":"https:\/\/jugenddiabetes.de\/apolda\/wp-json\/wp\/v2\/categories?post=3292"},{"taxonomy":"post_tag","embeddable":true,"href":"https:\/\/jugenddiabetes.de\/apolda\/wp-json\/wp\/v2\/tags?post=3292"}],"curies":[{"name":"wp","href":"https:\/\/api.w.org\/{rel}","templated":true}]}}