{"id":3204,"date":"2024-11-04T11:58:54","date_gmt":"2024-11-04T10:58:54","guid":{"rendered":"https:\/\/jugenddiabetes.de\/apolda\/?p=3204"},"modified":"2024-11-04T11:59:53","modified_gmt":"2024-11-04T10:59:53","slug":"der-herr-der-affen-wiederholungstat-affenpark-straussberg","status":"publish","type":"post","link":"https:\/\/jugenddiabetes.de\/apolda\/der-herr-der-affen-wiederholungstat-affenpark-straussberg\/","title":{"rendered":"Der Herr der Affen -Wiederholungstat Affenpark Strau\u00dfberg-"},"content":{"rendered":"<p>[et_pb_section fb_built=&#8220;1&#8243; _builder_version=&#8220;4.19.0&#8243; _module_preset=&#8220;default&#8220; global_colors_info=&#8220;{}&#8220;][et_pb_row _builder_version=&#8220;4.19.0&#8243; _module_preset=&#8220;default&#8220; global_colors_info=&#8220;{}&#8220;][et_pb_column type=&#8220;4_4&#8243; _builder_version=&#8220;4.19.0&#8243; _module_preset=&#8220;default&#8220; global_colors_info=&#8220;{}&#8220;][et_pb_text _builder_version=&#8220;4.19.0&#8243; _module_preset=&#8220;default&#8220; hover_enabled=&#8220;0&#8243; global_colors_info=&#8220;{}&#8220; sticky_enabled=&#8220;0&#8243;]<\/p>\n<p>Obwohl wir in diesem Jahr schon einmal in Strau\u00dfberg waren, zog es uns in den Herbstferien wieder dorthin. Zu s\u00fc\u00df und anh\u00e4nglich sind die kleinen Affen. Also starteten wir am 07.10.24 und hofften, dass der Regen nach 1 \u00bd Stunden Autofahrt besser werden w\u00fcrde. Endlich angekommen, regnete es leider immer noch, Frechheit, hatte der Wetterdienst doch eigentlich etwas anderes versprochen. Nun ja, es gibt ja kein schlechtes Wetter, nur schlechte Kleidung. Nach kurzer Zeit h\u00f6rte es dann aber auf. Nach einer langen Diskussion an der Kasse, weil Frau Kriependorf ihre kleine Tasche mit hinein nehmen wollte (wegen Geldern, Taschent\u00fccher usw.) Das lustige war, dass Frau Kriependorf beim letzten Mal die gleiche Tasche hatte, da durfte sie diese mit in den Park nehmen und nun pl\u00f6tzlich nicht mehr. Na ja, wir Jugendlichen gingen schon vor und unsere Erzieherin ging zur\u00fcck zum Bus, um alles umzupacken. Sp\u00e4ter trafen wir uns wieder, da waren wir schon mit den Affen besch\u00e4ftigt. Da der Boden vom Regen aufgeweicht war, hatten die Tiere schmutzige F\u00fc\u00dfe und H\u00e4nde und unsere Kleidung war \u00fcbers\u00e4t von Abdr\u00fccken. Anika hatte Angst und wollte keinen Affen auf der Schulter haben, aber die anderen hatten keine Probleme damit. Klamotten kann man ja auch wieder waschen.<\/p>\n<p>[\/et_pb_text][et_pb_image src=&#8220;https:\/\/jugenddiabetes.de\/apolda\/wp-content\/uploads\/2024\/11\/Herr_affen2-scaled.jpg&#8220; title_text=&#8220;Herr_affen2&#8243; _builder_version=&#8220;4.19.0&#8243; _module_preset=&#8220;default&#8220; global_colors_info=&#8220;{}&#8220;][\/et_pb_image][et_pb_text _builder_version=&#8220;4.19.0&#8243; _module_preset=&#8220;default&#8220; global_colors_info=&#8220;{}&#8220;]<\/p>\n<p>Nach einiger Zeit beschlossen wir langsam den Berg wieder hinab zu gehen. Unterwegs kam uns ein Pfleger entgegen und hinter ihm kam die ganze Meute. Celine sagte: Schaut mal, das ist der wahre Herr der Affen. Der Tierpfleger lachte und sagte zu Celine: Fang! Und er warf tats\u00e4chlich einen der Affen in ihre Richtung. Das war schon echt lustig. Ein Tierpfleger der mit Affen warf. Der Affe rannte nat\u00fcrlich sofort weiter, immerhin gab es Futter, aber das wird Celine so schnell nicht vergessen. Wir hielten uns dann noch eine Weile auf und dann ging es wieder zur\u00fcck zum Bus. Dort wurde sich erst mal gest\u00e4rkt und w\u00e4hrend der Fahrt konnten sich alle wieder aufw\u00e4rmen.<\/p>\n<p>[\/et_pb_text][et_pb_image src=&#8220;https:\/\/jugenddiabetes.de\/apolda\/wp-content\/uploads\/2024\/11\/Herr_affen3-scaled.jpg&#8220; title_text=&#8220;Herr_affen3&#8243; _builder_version=&#8220;4.19.0&#8243; _module_preset=&#8220;default&#8220; global_colors_info=&#8220;{}&#8220;][\/et_pb_image][et_pb_text _builder_version=&#8220;4.19.0&#8243; _module_preset=&#8220;default&#8220; global_colors_info=&#8220;{}&#8220;]<\/p>\n<p>Strau\u00dfberg ist immer ein Besuch wert und auch wir werden uns bestimmt bald wieder sehen. Vielleicht diesmal doch mit einer Tasche\u2026 So eine Affe als Haustier J Das ist nat\u00fcrlich nur Spa\u00df, Affen geh\u00f6ren in keine Wohnung oder einen Garten, sondern sollen mit ihren Artgenossen zusammen leben.<\/p>\n<p style=\"text-align: center;\"><strong>Viele Gr\u00fc\u00dfe senden euch die Jugendlichen aus der Au\u00dfenwohngruppe<\/strong><\/p>\n<p>[\/et_pb_text][\/et_pb_column][\/et_pb_row][\/et_pb_section]<\/p>\n","protected":false},"excerpt":{"rendered":"<p>Obwohl wir in diesem Jahr schon einmal in Strau\u00dfberg waren, zog es uns in den Herbstferien wieder dorthin. Zu s\u00fc\u00df und anh\u00e4nglich sind die kleinen Affen. Also starteten wir am 07.10.24 und hofften, dass der Regen nach 1 \u00bd Stunden Autofahrt besser werden w\u00fcrde. Endlich angekommen, regnete es leider immer noch, Frechheit, hatte der Wetterdienst [&hellip;]<\/p>\n","protected":false},"author":5,"featured_media":3207,"comment_status":"closed","ping_status":"closed","sticky":false,"template":"","format":"standard","meta":{"_et_pb_use_builder":"on","_et_pb_old_content":"","_et_gb_content_width":"","footnotes":""},"categories":[1],"tags":[],"class_list":["post-3204","post","type-post","status-publish","format-standard","has-post-thumbnail","hentry","category-allgemein"],"_links":{"self":[{"href":"https:\/\/jugenddiabetes.de\/apolda\/wp-json\/wp\/v2\/posts\/3204","targetHints":{"allow":["GET"]}}],"collection":[{"href":"https:\/\/jugenddiabetes.de\/apolda\/wp-json\/wp\/v2\/posts"}],"about":[{"href":"https:\/\/jugenddiabetes.de\/apolda\/wp-json\/wp\/v2\/types\/post"}],"author":[{"embeddable":true,"href":"https:\/\/jugenddiabetes.de\/apolda\/wp-json\/wp\/v2\/users\/5"}],"replies":[{"embeddable":true,"href":"https:\/\/jugenddiabetes.de\/apolda\/wp-json\/wp\/v2\/comments?post=3204"}],"version-history":[{"count":5,"href":"https:\/\/jugenddiabetes.de\/apolda\/wp-json\/wp\/v2\/posts\/3204\/revisions"}],"predecessor-version":[{"id":3213,"href":"https:\/\/jugenddiabetes.de\/apolda\/wp-json\/wp\/v2\/posts\/3204\/revisions\/3213"}],"wp:featuredmedia":[{"embeddable":true,"href":"https:\/\/jugenddiabetes.de\/apolda\/wp-json\/wp\/v2\/media\/3207"}],"wp:attachment":[{"href":"https:\/\/jugenddiabetes.de\/apolda\/wp-json\/wp\/v2\/media?parent=3204"}],"wp:term":[{"taxonomy":"category","embeddable":true,"href":"https:\/\/jugenddiabetes.de\/apolda\/wp-json\/wp\/v2\/categories?post=3204"},{"taxonomy":"post_tag","embeddable":true,"href":"https:\/\/jugenddiabetes.de\/apolda\/wp-json\/wp\/v2\/tags?post=3204"}],"curies":[{"name":"wp","href":"https:\/\/api.w.org\/{rel}","templated":true}]}}